{"id":15121,"date":"2024-04-03T11:16:00","date_gmt":"2024-04-03T11:16:00","guid":{"rendered":"https:\/\/www.almasyf.cz\/?p=15121"},"modified":"2026-03-24T08:53:58","modified_gmt":"2026-03-24T07:53:58","slug":"mercedes-benz-sprinter-luxury","status":"publish","type":"post","link":"https:\/\/www.almasyf.cz\/ar\/mercedes-benz-sprinter-luxury\/","title":{"rendered":"\u0645\u0631\u0633\u064a\u062f\u0633-\u0628\u0646\u0632 \u0633\u0628\u0631\u064a\u0646\u062a\u0631"},"content":{"rendered":"\n<p><strong>\u0645\u064a\u0632\u0627\u062a \u0647\u0630\u0647 \u0627\u0644\u0633\u064a\u0627\u0631\u0629:<\/strong><\/p>\n\n\n\n<ul class=\"wp-block-list\">\n<li>I\u0645\u0644\u0627\u0626\u0645\u0629 \u0644\u062c\u0645\u064a\u0639 \u0627\u0644\u0639\u0645\u0644\u0627\u0621<\/li>\n\n\n\n<li>\u0631\u0641\u0627\u0647\u064a\u0629 \u0633\u0641\u0631 \u0645\u0646 \u0627\u0644\u062f\u0631\u062c\u0629 \u0627\u0644\u0623\u0648\u0644\u0649\u2022<\/li>\n\n\n\n<li>\u062a\u062c\u0631\u0628\u0629 \u0641\u0631\u064a\u062f\u0629<span style=\"font-size: medium\"><\/span><\/li>\n\n\n\n<li>\u0633\u064a\u0627\u0631\u0629 \u062a\u0646\u0627\u0633\u0628 \u062c\u0645\u064a\u0639 \u0627\u0644\u0645\u0646\u0627\u0633\u0628\u0627\u062a \u0648\u0627\u0644\u0627\u0633\u062a\u062e\u062f\u0627\u0645\u0627\u062a<\/li>\n\n\n\n<li>\u0634\u0627\u0645\u0644\u0629 \u0644\u062c\u0645\u064a\u0639 \u0627\u0644\u062e\u062f\u0645\u0627\u062a<\/li>\n\n\n\n<li>\u0628\u0644\u0627\u064a \u0633\u062a\u064a\u0634\u0646<\/li>\n\n\n\n<li>\u0622\u0644\u0629 \u0635\u0646\u0639 \u0627\u0644\u0642\u0647\u0648\u0629<\/li>\n\n\n\n<li>\u062a\u0644\u0641\u0632\u064a\u0648\u0646<\/li>\n\n\n\n<li>\u0628\u0627\u0631<\/li>\n\n\n\n<li>\u0645\u0642\u0627\u0639\u062f \u0642\u0627\u0628\u0644\u0629 \u0644\u0644\u062a\u0639\u062f\u064a\u0644<\/li>\n<\/ul>\n\n\n\n<p><\/p>\n","protected":false},"excerpt":{"rendered":"<p>\u0645\u064a\u0632\u0627\u062a \u0647\u0630\u0647 \u0627\u0644\u0633\u064a\u0627\u0631\u0629:<\/p>\n","protected":false},"author":2,"featured_media":15658,"comment_status":"open","ping_status":"open","sticky":false,"template":"","format":"standard","meta":{"_acf_changed":false,"inline_featured_image":false,"footnotes":""},"categories":[3],"tags":[],"class_list":["post-15121","post","type-post","status-publish","format-standard","has-post-thumbnail","hentry","category-vehicle-fleet"],"acf":[],"yoast_head":"<!-- This site is optimized with the Yoast SEO plugin v26.0 - https:\/\/yoast.com\/wordpress\/plugins\/seo\/ -->\n<title>\u0645\u0631\u0633\u064a\u062f\u0633-\u0628\u0646\u0632 \u0633\u0628\u0631\u064a\u0646\u062a\u0631 - Almasyf.cz | AR<\/title>\n<meta name=\"robots\" content=\"index, follow, max-snippet:-1, max-image-preview:large, max-video-preview:-1\" \/>\n<link rel=\"canonical\" href=\"https:\/\/www.almasyf.cz\/ar\/mercedes-benz-sprinter-luxury\/\" \/>\n<meta property=\"og:locale\" content=\"cs_CZ\" \/>\n<meta property=\"og:type\" content=\"article\" \/>\n<meta property=\"og:title\" content=\"\u0645\u0631\u0633\u064a\u062f\u0633-\u0628\u0646\u0632 \u0633\u0628\u0631\u064a\u0646\u062a\u0631 - Almasyf.cz | AR\" \/>\n<meta property=\"og:description\" content=\"\u0645\u064a\u0632\u0627\u062a \u0647\u0630\u0647 \u0627\u0644\u0633\u064a\u0627\u0631\u0629:\" \/>\n<meta property=\"og:url\" content=\"https:\/\/www.almasyf.cz\/ar\/mercedes-benz-sprinter-luxury\/\" \/>\n<meta property=\"og:site_name\" content=\"Almasyf.cz | AR\" \/>\n<meta property=\"article:published_time\" content=\"2024-04-03T11:16:00+00:00\" \/>\n<meta property=\"article:modified_time\" content=\"2026-03-24T07:53:58+00:00\" \/>\n<meta property=\"og:image\" content=\"http:\/\/www.almasyf.cz\/ar\/wp-content\/uploads\/sites\/3\/2024\/04\/Luxury_sprinter.png\" \/>\n\t<meta property=\"og:image:width\" content=\"1812\" \/>\n\t<meta property=\"og:image:height\" content=\"640\" \/>\n\t<meta property=\"og:image:type\" content=\"image\/png\" \/>\n<meta name=\"author\" content=\"Martin Jir\u00e1sek\" \/>\n<meta name=\"twitter:card\" content=\"summary_large_image\" \/>\n<meta name=\"twitter:label1\" content=\"Napsal(a)\" \/>\n\t<meta name=\"twitter:data1\" content=\"Martin Jir\u00e1sek\" \/>\n\t<meta name=\"twitter:label2\" content=\"Odhadovan\u00e1 doba \u010dten\u00ed\" \/>\n\t<meta name=\"twitter:data2\" content=\"1 minuta\" \/>\n<script type=\"application\/ld+json\" class=\"yoast-schema-graph\">{\"@context\":\"https:\/\/schema.org\",\"@graph\":[{\"@type\":\"WebPage\",\"@id\":\"https:\/\/www.almasyf.cz\/ar\/mercedes-benz-sprinter-luxury\/\",\"url\":\"https:\/\/www.almasyf.cz\/ar\/mercedes-benz-sprinter-luxury\/\",\"name\":\"\u0645\u0631\u0633\u064a\u062f\u0633-\u0628\u0646\u0632 \u0633\u0628\u0631\u064a\u0646\u062a\u0631 - Almasyf.cz | AR\",\"isPartOf\":{\"@id\":\"https:\/\/www.almasyf.cz\/ar\/#website\"},\"primaryImageOfPage\":{\"@id\":\"https:\/\/www.almasyf.cz\/ar\/mercedes-benz-sprinter-luxury\/#primaryimage\"},\"image\":{\"@id\":\"https:\/\/www.almasyf.cz\/ar\/mercedes-benz-sprinter-luxury\/#primaryimage\"},\"thumbnailUrl\":\"https:\/\/www.almasyf.cz\/ar\/wp-content\/uploads\/sites\/3\/2024\/04\/Luxury_sprinter.png\",\"datePublished\":\"2024-04-03T11:16:00+00:00\",\"dateModified\":\"2026-03-24T07:53:58+00:00\",\"author\":{\"@id\":\"https:\/\/www.almasyf.cz\/ar\/#\/schema\/person\/b3e01d005595ab962d13f1083d4fcec6\"},\"breadcrumb\":{\"@id\":\"https:\/\/www.almasyf.cz\/ar\/mercedes-benz-sprinter-luxury\/#breadcrumb\"},\"inLanguage\":\"cs\",\"potentialAction\":[{\"@type\":\"ReadAction\",\"target\":[\"https:\/\/www.almasyf.cz\/ar\/mercedes-benz-sprinter-luxury\/\"]}]},{\"@type\":\"ImageObject\",\"inLanguage\":\"cs\",\"@id\":\"https:\/\/www.almasyf.cz\/ar\/mercedes-benz-sprinter-luxury\/#primaryimage\",\"url\":\"https:\/\/www.almasyf.cz\/ar\/wp-content\/uploads\/sites\/3\/2024\/04\/Luxury_sprinter.png\",\"contentUrl\":\"https:\/\/www.almasyf.cz\/ar\/wp-content\/uploads\/sites\/3\/2024\/04\/Luxury_sprinter.png\",\"width\":1812,\"height\":640},{\"@type\":\"BreadcrumbList\",\"@id\":\"https:\/\/www.almasyf.cz\/ar\/mercedes-benz-sprinter-luxury\/#breadcrumb\",\"itemListElement\":[{\"@type\":\"ListItem\",\"position\":1,\"name\":\"Dom\u016f\",\"item\":\"https:\/\/www.almasyf.cz\/ar\/\"},{\"@type\":\"ListItem\",\"position\":2,\"name\":\"\u0645\u0631\u0633\u064a\u062f\u0633-\u0628\u0646\u0632 \u0633\u0628\u0631\u064a\u0646\u062a\u0631\"}]},{\"@type\":\"WebSite\",\"@id\":\"https:\/\/www.almasyf.cz\/ar\/#website\",\"url\":\"https:\/\/www.almasyf.cz\/ar\/\",\"name\":\"Almasyf.cz | AR\",\"description\":\"\",\"potentialAction\":[{\"@type\":\"SearchAction\",\"target\":{\"@type\":\"EntryPoint\",\"urlTemplate\":\"https:\/\/www.almasyf.cz\/ar\/?s={search_term_string}\"},\"query-input\":{\"@type\":\"PropertyValueSpecification\",\"valueRequired\":true,\"valueName\":\"search_term_string\"}}],\"inLanguage\":\"cs\"},{\"@type\":\"Person\",\"@id\":\"https:\/\/www.almasyf.cz\/ar\/#\/schema\/person\/b3e01d005595ab962d13f1083d4fcec6\",\"name\":\"Martin Jir\u00e1sek\",\"image\":{\"@type\":\"ImageObject\",\"inLanguage\":\"cs\",\"@id\":\"https:\/\/www.almasyf.cz\/ar\/#\/schema\/person\/image\/\",\"url\":\"https:\/\/secure.gravatar.com\/avatar\/e8e1b79b79a69f4b83206c6647a31ed6?s=96&d=mm&r=g\",\"contentUrl\":\"https:\/\/secure.gravatar.com\/avatar\/e8e1b79b79a69f4b83206c6647a31ed6?s=96&d=mm&r=g\",\"caption\":\"Martin Jir\u00e1sek\"},\"url\":\"https:\/\/www.almasyf.cz\/ar\/author\/mdworks\/\"}]}<\/script>\n<!-- \/ Yoast SEO plugin. -->","yoast_head_json":{"title":"\u0645\u0631\u0633\u064a\u062f\u0633-\u0628\u0646\u0632 \u0633\u0628\u0631\u064a\u0646\u062a\u0631 - Almasyf.cz | AR","robots":{"index":"index","follow":"follow","max-snippet":"max-snippet:-1","max-image-preview":"max-image-preview:large","max-video-preview":"max-video-preview:-1"},"canonical":"https:\/\/www.almasyf.cz\/ar\/mercedes-benz-sprinter-luxury\/","og_locale":"cs_CZ","og_type":"article","og_title":"\u0645\u0631\u0633\u064a\u062f\u0633-\u0628\u0646\u0632 \u0633\u0628\u0631\u064a\u0646\u062a\u0631 - Almasyf.cz | AR","og_description":"\u0645\u064a\u0632\u0627\u062a \u0647\u0630\u0647 \u0627\u0644\u0633\u064a\u0627\u0631\u0629:","og_url":"https:\/\/www.almasyf.cz\/ar\/mercedes-benz-sprinter-luxury\/","og_site_name":"Almasyf.cz | AR","article_published_time":"2024-04-03T11:16:00+00:00","article_modified_time":"2026-03-24T07:53:58+00:00","og_image":[{"width":1812,"height":640,"url":"http:\/\/www.almasyf.cz\/ar\/wp-content\/uploads\/sites\/3\/2024\/04\/Luxury_sprinter.png","type":"image\/png"}],"author":"Martin Jir\u00e1sek","twitter_card":"summary_large_image","twitter_misc":{"Napsal(a)":"Martin Jir\u00e1sek","Odhadovan\u00e1 doba \u010dten\u00ed":"1 minuta"},"schema":{"@context":"https:\/\/schema.org","@graph":[{"@type":"WebPage","@id":"https:\/\/www.almasyf.cz\/ar\/mercedes-benz-sprinter-luxury\/","url":"https:\/\/www.almasyf.cz\/ar\/mercedes-benz-sprinter-luxury\/","name":"\u0645\u0631\u0633\u064a\u062f\u0633-\u0628\u0646\u0632 \u0633\u0628\u0631\u064a\u0646\u062a\u0631 - Almasyf.cz | AR","isPartOf":{"@id":"https:\/\/www.almasyf.cz\/ar\/#website"},"primaryImageOfPage":{"@id":"https:\/\/www.almasyf.cz\/ar\/mercedes-benz-sprinter-luxury\/#primaryimage"},"image":{"@id":"https:\/\/www.almasyf.cz\/ar\/mercedes-benz-sprinter-luxury\/#primaryimage"},"thumbnailUrl":"https:\/\/www.almasyf.cz\/ar\/wp-content\/uploads\/sites\/3\/2024\/04\/Luxury_sprinter.png","datePublished":"2024-04-03T11:16:00+00:00","dateModified":"2026-03-24T07:53:58+00:00","author":{"@id":"https:\/\/www.almasyf.cz\/ar\/#\/schema\/person\/b3e01d005595ab962d13f1083d4fcec6"},"breadcrumb":{"@id":"https:\/\/www.almasyf.cz\/ar\/mercedes-benz-sprinter-luxury\/#breadcrumb"},"inLanguage":"cs","potentialAction":[{"@type":"ReadAction","target":["https:\/\/www.almasyf.cz\/ar\/mercedes-benz-sprinter-luxury\/"]}]},{"@type":"ImageObject","inLanguage":"cs","@id":"https:\/\/www.almasyf.cz\/ar\/mercedes-benz-sprinter-luxury\/#primaryimage","url":"https:\/\/www.almasyf.cz\/ar\/wp-content\/uploads\/sites\/3\/2024\/04\/Luxury_sprinter.png","contentUrl":"https:\/\/www.almasyf.cz\/ar\/wp-content\/uploads\/sites\/3\/2024\/04\/Luxury_sprinter.png","width":1812,"height":640},{"@type":"BreadcrumbList","@id":"https:\/\/www.almasyf.cz\/ar\/mercedes-benz-sprinter-luxury\/#breadcrumb","itemListElement":[{"@type":"ListItem","position":1,"name":"Dom\u016f","item":"https:\/\/www.almasyf.cz\/ar\/"},{"@type":"ListItem","position":2,"name":"\u0645\u0631\u0633\u064a\u062f\u0633-\u0628\u0646\u0632 \u0633\u0628\u0631\u064a\u0646\u062a\u0631"}]},{"@type":"WebSite","@id":"https:\/\/www.almasyf.cz\/ar\/#website","url":"https:\/\/www.almasyf.cz\/ar\/","name":"Almasyf.cz | AR","description":"","potentialAction":[{"@type":"SearchAction","target":{"@type":"EntryPoint","urlTemplate":"https:\/\/www.almasyf.cz\/ar\/?s={search_term_string}"},"query-input":{"@type":"PropertyValueSpecification","valueRequired":true,"valueName":"search_term_string"}}],"inLanguage":"cs"},{"@type":"Person","@id":"https:\/\/www.almasyf.cz\/ar\/#\/schema\/person\/b3e01d005595ab962d13f1083d4fcec6","name":"Martin Jir\u00e1sek","image":{"@type":"ImageObject","inLanguage":"cs","@id":"https:\/\/www.almasyf.cz\/ar\/#\/schema\/person\/image\/","url":"https:\/\/secure.gravatar.com\/avatar\/e8e1b79b79a69f4b83206c6647a31ed6?s=96&d=mm&r=g","contentUrl":"https:\/\/secure.gravatar.com\/avatar\/e8e1b79b79a69f4b83206c6647a31ed6?s=96&d=mm&r=g","caption":"Martin Jir\u00e1sek"},"url":"https:\/\/www.almasyf.cz\/ar\/author\/mdworks\/"}]}},"_links":{"self":[{"href":"https:\/\/www.almasyf.cz\/ar\/wp-json\/wp\/v2\/posts\/15121","targetHints":{"allow":["GET"]}}],"collection":[{"href":"https:\/\/www.almasyf.cz\/ar\/wp-json\/wp\/v2\/posts"}],"about":[{"href":"https:\/\/www.almasyf.cz\/ar\/wp-json\/wp\/v2\/types\/post"}],"author":[{"embeddable":true,"href":"https:\/\/www.almasyf.cz\/ar\/wp-json\/wp\/v2\/users\/2"}],"replies":[{"embeddable":true,"href":"https:\/\/www.almasyf.cz\/ar\/wp-json\/wp\/v2\/comments?post=15121"}],"version-history":[{"count":5,"href":"https:\/\/www.almasyf.cz\/ar\/wp-json\/wp\/v2\/posts\/15121\/revisions"}],"predecessor-version":[{"id":18702,"href":"https:\/\/www.almasyf.cz\/ar\/wp-json\/wp\/v2\/posts\/15121\/revisions\/18702"}],"wp:featuredmedia":[{"embeddable":true,"href":"https:\/\/www.almasyf.cz\/ar\/wp-json\/wp\/v2\/media\/15658"}],"wp:attachment":[{"href":"https:\/\/www.almasyf.cz\/ar\/wp-json\/wp\/v2\/media?parent=15121"}],"wp:term":[{"taxonomy":"category","embeddable":true,"href":"https:\/\/www.almasyf.cz\/ar\/wp-json\/wp\/v2\/categories?post=15121"},{"taxonomy":"post_tag","embeddable":true,"href":"https:\/\/www.almasyf.cz\/ar\/wp-json\/wp\/v2\/tags?post=15121"}],"curies":[{"name":"wp","href":"https:\/\/api.w.org\/{rel}","templated":true}]}}