{"id":73,"date":"2024-04-03T12:55:00","date_gmt":"2024-04-03T10:55:00","guid":{"rendered":"http:\/\/almasyf.mdworks-dev.cz\/?p=73"},"modified":"2025-06-26T12:57:01","modified_gmt":"2025-06-26T10:57:01","slug":"mercedes-benz-s-class-long","status":"publish","type":"post","link":"https:\/\/www.almasyf.cz\/ar\/mercedes-benz-s-class-long\/","title":{"rendered":"\u0645\u0631\u0633\u064a\u062f\u0633-\u0628\u0646\u0632 \u0627\u0644\u0641\u0626\u0629 \u0627\u0644\u0637\u0648\u064a\u0644\u0629S\u00a0 \u00a0"},"content":{"rendered":"\n<p><strong>\u0645\u064a\u0632\u0627\u062a \u0627\u0644\u0633\u064a\u0627\u0631\u0629:<\/strong><\/p>\n\n\n\n<ul class=\"wp-block-list\">\n<li>&nbsp;\u062d\u0635\u0644\u062a \u0627\u0644\u0641\u0626\u0629 S \u0639\u0644\u0649 \u0627\u0644\u0639\u062f\u064a\u062f \u0645\u0646 \u0627\u0644\u062c\u0648\u0627\u0626\u0632 \u0643\u0623\u0641\u0636\u0644 \u0633\u064a\u0627\u0631\u0629 \u0641\u0627\u062e\u0631\u0629 \u0641\u064a \u0645\u062c\u0627\u0644\u0647\u0627.<\/li>\n\n\n\n<li>&nbsp;\u0634\u0627\u0634\u062a\u064a\u0646 \u0639\u0631\u0636 \u0644\u0644\u0648\u0633\u0627\u0626\u0637 \u0627\u0644\u0645\u062a\u062a\u0639\u062f\u062f\u0629 \u0645\u062e\u0635\u0635\u0629 \u0644\u0644\u0631\u0643\u0627\u0628 \u0641\u064a \u0627\u0644\u062e\u0644\u0641.<\/li>\n\n\n\n<li> \u0646\u0638\u0627\u0645 \u0627\u0644\u0635\u0648\u062a \u0639\u0627\u0644\u064a \u0627\u0644\u062c\u0648\u062f\u0629 4D .<\/li>\n\n\n\n<li>\u0639\u0632\u0644 \u0627\u0644\u0635\u0648\u062a \u0645\u0646 \u0645\u062c\u0645\u0648\u0639\u0629 \u0631\u0627\u062d\u0629 \u0627\u0644\u0635\u0648\u062a \u064a\u0642\u0644\u0644 \u0628\u0634\u0643\u0644 \u0643\u0628\u064a\u0631 \u0645\u0646 \u0627\u0644\u0636\u0648\u0636\u0627\u0621 \u0627\u0644\u062e\u0627\u0631\u062c\u064a\u0629 \u0627\u0644\u062a\u064a \u062a\u062f\u062e\u0644 \u0625\u0644\u0649 \u0627\u0644\u062f\u0627\u062e\u0644<\/li>\n\n\n\n<li>\u0637\u0627\u0648\u0644\u0627\u062a \u0642\u0627\u0628\u0644\u0629 \u0644\u0644\u0633\u062d\u0628 \u062a\u0645\u0643\u0646\u0643 \u0645\u0646 \u0648\u0636\u0639 \u0627\u0644\u062d\u0627\u0633\u0648\u0628.<\/li>\n\n\n\n<li>&nbsp; \u0645\u064a\u0627\u0647 \u0645\u0639\u062f\u0646\u064a\u0629.<\/li>\n\n\n\n<li>\u0645\u0642\u0627\u0639\u062f \u062d\u0635\u0631\u064a\u0629 \u0645\u0639 \u062e\u0627\u0635\u064a\u0629 \u0627\u0644\u062a\u062f\u0644\u064a\u0643 \u0648\u062f\u0639\u0645 \u0627\u0644\u0638\u0647\u0631.<\/li>\n\n\n\n<li>\u0645\u0633\u0627\u062d\u0629 \u0648\u0627\u0633\u0639\u0629 \u0644\u062c\u0645\u064a\u0639 \u0627\u0644\u0631\u0643\u0627\u0628.<\/li>\n\n\n\n<li>\u062a\u0635\u0645\u064a\u0645 \u062f\u0627\u062e\u0644\u064a \u0641\u0627\u062e\u0631 \u0645\u062a\u0646\u0627\u0633\u0642 \u0641\u064a \u0643\u0644 \u062a\u0641\u0635\u064a\u0644.<\/li>\n<\/ul>\n\n\n\n<figure class=\"wp-block-video\"><video controls src=\"https:\/\/www.almasyf.cz\/ar\/wp-content\/uploads\/sites\/3\/2024\/04\/WEB_Sclass_25s_sirka.mp4\"><\/video><\/figure>\n","protected":false},"excerpt":{"rendered":"<p>\u0645\u064a\u0632\u0627\u062a \u0627\u0644\u0633\u064a\u0627\u0631\u0629:<\/p>\n","protected":false},"author":2,"featured_media":346,"comment_status":"open","ping_status":"open","sticky":false,"template":"","format":"standard","meta":{"_acf_changed":false,"inline_featured_image":false,"footnotes":""},"categories":[3],"tags":[],"class_list":["post-73","post","type-post","status-publish","format-standard","has-post-thumbnail","hentry","category-vehicle-fleet"],"acf":[],"yoast_head":"<!-- This site is optimized with the Yoast SEO plugin v26.0 - https:\/\/yoast.com\/wordpress\/plugins\/seo\/ -->\n<title>Mercedes-Benz S class long | Almasyf.cz | Limousines Prague<\/title>\n<meta name=\"description\" content=\"Three easy steps to book Mercedes-Benz S class long. This vehicle offers unique driving experience and it is suitable for a business meeting.\" \/>\n<meta name=\"robots\" content=\"index, follow, max-snippet:-1, max-image-preview:large, max-video-preview:-1\" \/>\n<link rel=\"canonical\" href=\"https:\/\/www.almasyf.cz\/ar\/mercedes-benz-s-class-long\/\" \/>\n<meta property=\"og:locale\" content=\"cs_CZ\" \/>\n<meta property=\"og:type\" content=\"article\" \/>\n<meta property=\"og:title\" content=\"Mercedes-Benz S class long | Almasyf.cz | Limousines Prague\" \/>\n<meta property=\"og:description\" content=\"Three easy steps to book Mercedes-Benz S class long. This vehicle offers unique driving experience and it is suitable for a business meeting.\" \/>\n<meta property=\"og:url\" content=\"https:\/\/www.almasyf.cz\/ar\/mercedes-benz-s-class-long\/\" \/>\n<meta property=\"og:site_name\" content=\"Almasyf.cz | AR\" \/>\n<meta property=\"article:published_time\" content=\"2024-04-03T10:55:00+00:00\" \/>\n<meta property=\"article:modified_time\" content=\"2025-06-26T10:57:01+00:00\" \/>\n<meta property=\"og:image\" content=\"http:\/\/www.almasyf.cz\/ar\/wp-content\/uploads\/sites\/3\/2024\/03\/Mercedes-Benz-S-Class.png\" \/>\n\t<meta property=\"og:image:width\" content=\"1812\" \/>\n\t<meta property=\"og:image:height\" content=\"640\" \/>\n\t<meta property=\"og:image:type\" content=\"image\/png\" \/>\n<meta name=\"author\" content=\"Martin Jir\u00e1sek\" \/>\n<meta name=\"twitter:card\" content=\"summary_large_image\" \/>\n<meta name=\"twitter:label1\" content=\"Napsal(a)\" \/>\n\t<meta name=\"twitter:data1\" content=\"Martin Jir\u00e1sek\" \/>\n\t<meta name=\"twitter:label2\" content=\"Odhadovan\u00e1 doba \u010dten\u00ed\" \/>\n\t<meta name=\"twitter:data2\" content=\"1 minuta\" \/>\n<script type=\"application\/ld+json\" class=\"yoast-schema-graph\">{\"@context\":\"https:\/\/schema.org\",\"@graph\":[{\"@type\":\"WebPage\",\"@id\":\"https:\/\/www.almasyf.cz\/ar\/mercedes-benz-s-class-long\/\",\"url\":\"https:\/\/www.almasyf.cz\/ar\/mercedes-benz-s-class-long\/\",\"name\":\"Mercedes-Benz S class long | Almasyf.cz | Limousines Prague\",\"isPartOf\":{\"@id\":\"https:\/\/www.almasyf.cz\/ar\/#website\"},\"primaryImageOfPage\":{\"@id\":\"https:\/\/www.almasyf.cz\/ar\/mercedes-benz-s-class-long\/#primaryimage\"},\"image\":{\"@id\":\"https:\/\/www.almasyf.cz\/ar\/mercedes-benz-s-class-long\/#primaryimage\"},\"thumbnailUrl\":\"https:\/\/www.almasyf.cz\/ar\/wp-content\/uploads\/sites\/3\/2024\/03\/Mercedes-Benz-S-Class.png\",\"datePublished\":\"2024-04-03T10:55:00+00:00\",\"dateModified\":\"2025-06-26T10:57:01+00:00\",\"author\":{\"@id\":\"https:\/\/www.almasyf.cz\/ar\/#\/schema\/person\/b3e01d005595ab962d13f1083d4fcec6\"},\"description\":\"Three easy steps to book Mercedes-Benz S class long. This vehicle offers unique driving experience and it is suitable for a business meeting.\",\"breadcrumb\":{\"@id\":\"https:\/\/www.almasyf.cz\/ar\/mercedes-benz-s-class-long\/#breadcrumb\"},\"inLanguage\":\"cs\",\"potentialAction\":[{\"@type\":\"ReadAction\",\"target\":[\"https:\/\/www.almasyf.cz\/ar\/mercedes-benz-s-class-long\/\"]}]},{\"@type\":\"ImageObject\",\"inLanguage\":\"cs\",\"@id\":\"https:\/\/www.almasyf.cz\/ar\/mercedes-benz-s-class-long\/#primaryimage\",\"url\":\"https:\/\/www.almasyf.cz\/ar\/wp-content\/uploads\/sites\/3\/2024\/03\/Mercedes-Benz-S-Class.png\",\"contentUrl\":\"https:\/\/www.almasyf.cz\/ar\/wp-content\/uploads\/sites\/3\/2024\/03\/Mercedes-Benz-S-Class.png\",\"width\":1812,\"height\":640},{\"@type\":\"BreadcrumbList\",\"@id\":\"https:\/\/www.almasyf.cz\/ar\/mercedes-benz-s-class-long\/#breadcrumb\",\"itemListElement\":[{\"@type\":\"ListItem\",\"position\":1,\"name\":\"Dom\u016f\",\"item\":\"https:\/\/www.almasyf.cz\/ar\/\"},{\"@type\":\"ListItem\",\"position\":2,\"name\":\"\u0645\u0631\u0633\u064a\u062f\u0633-\u0628\u0646\u0632 \u0627\u0644\u0641\u0626\u0629 \u0627\u0644\u0637\u0648\u064a\u0644\u0629S\u00a0 \u00a0\"}]},{\"@type\":\"WebSite\",\"@id\":\"https:\/\/www.almasyf.cz\/ar\/#website\",\"url\":\"https:\/\/www.almasyf.cz\/ar\/\",\"name\":\"Almasyf.cz | AR\",\"description\":\"\",\"potentialAction\":[{\"@type\":\"SearchAction\",\"target\":{\"@type\":\"EntryPoint\",\"urlTemplate\":\"https:\/\/www.almasyf.cz\/ar\/?s={search_term_string}\"},\"query-input\":{\"@type\":\"PropertyValueSpecification\",\"valueRequired\":true,\"valueName\":\"search_term_string\"}}],\"inLanguage\":\"cs\"},{\"@type\":\"Person\",\"@id\":\"https:\/\/www.almasyf.cz\/ar\/#\/schema\/person\/b3e01d005595ab962d13f1083d4fcec6\",\"name\":\"Martin Jir\u00e1sek\",\"image\":{\"@type\":\"ImageObject\",\"inLanguage\":\"cs\",\"@id\":\"https:\/\/www.almasyf.cz\/ar\/#\/schema\/person\/image\/\",\"url\":\"https:\/\/secure.gravatar.com\/avatar\/e8e1b79b79a69f4b83206c6647a31ed6?s=96&d=mm&r=g\",\"contentUrl\":\"https:\/\/secure.gravatar.com\/avatar\/e8e1b79b79a69f4b83206c6647a31ed6?s=96&d=mm&r=g\",\"caption\":\"Martin Jir\u00e1sek\"},\"url\":\"https:\/\/www.almasyf.cz\/ar\/author\/mdworks\/\"}]}<\/script>\n<!-- \/ Yoast SEO plugin. -->","yoast_head_json":{"title":"Mercedes-Benz S class long | Almasyf.cz | Limousines Prague","description":"Three easy steps to book Mercedes-Benz S class long. This vehicle offers unique driving experience and it is suitable for a business meeting.","robots":{"index":"index","follow":"follow","max-snippet":"max-snippet:-1","max-image-preview":"max-image-preview:large","max-video-preview":"max-video-preview:-1"},"canonical":"https:\/\/www.almasyf.cz\/ar\/mercedes-benz-s-class-long\/","og_locale":"cs_CZ","og_type":"article","og_title":"Mercedes-Benz S class long | Almasyf.cz | Limousines Prague","og_description":"Three easy steps to book Mercedes-Benz S class long. This vehicle offers unique driving experience and it is suitable for a business meeting.","og_url":"https:\/\/www.almasyf.cz\/ar\/mercedes-benz-s-class-long\/","og_site_name":"Almasyf.cz | AR","article_published_time":"2024-04-03T10:55:00+00:00","article_modified_time":"2025-06-26T10:57:01+00:00","og_image":[{"width":1812,"height":640,"url":"http:\/\/www.almasyf.cz\/ar\/wp-content\/uploads\/sites\/3\/2024\/03\/Mercedes-Benz-S-Class.png","type":"image\/png"}],"author":"Martin Jir\u00e1sek","twitter_card":"summary_large_image","twitter_misc":{"Napsal(a)":"Martin Jir\u00e1sek","Odhadovan\u00e1 doba \u010dten\u00ed":"1 minuta"},"schema":{"@context":"https:\/\/schema.org","@graph":[{"@type":"WebPage","@id":"https:\/\/www.almasyf.cz\/ar\/mercedes-benz-s-class-long\/","url":"https:\/\/www.almasyf.cz\/ar\/mercedes-benz-s-class-long\/","name":"Mercedes-Benz S class long | Almasyf.cz | Limousines Prague","isPartOf":{"@id":"https:\/\/www.almasyf.cz\/ar\/#website"},"primaryImageOfPage":{"@id":"https:\/\/www.almasyf.cz\/ar\/mercedes-benz-s-class-long\/#primaryimage"},"image":{"@id":"https:\/\/www.almasyf.cz\/ar\/mercedes-benz-s-class-long\/#primaryimage"},"thumbnailUrl":"https:\/\/www.almasyf.cz\/ar\/wp-content\/uploads\/sites\/3\/2024\/03\/Mercedes-Benz-S-Class.png","datePublished":"2024-04-03T10:55:00+00:00","dateModified":"2025-06-26T10:57:01+00:00","author":{"@id":"https:\/\/www.almasyf.cz\/ar\/#\/schema\/person\/b3e01d005595ab962d13f1083d4fcec6"},"description":"Three easy steps to book Mercedes-Benz S class long. This vehicle offers unique driving experience and it is suitable for a business meeting.","breadcrumb":{"@id":"https:\/\/www.almasyf.cz\/ar\/mercedes-benz-s-class-long\/#breadcrumb"},"inLanguage":"cs","potentialAction":[{"@type":"ReadAction","target":["https:\/\/www.almasyf.cz\/ar\/mercedes-benz-s-class-long\/"]}]},{"@type":"ImageObject","inLanguage":"cs","@id":"https:\/\/www.almasyf.cz\/ar\/mercedes-benz-s-class-long\/#primaryimage","url":"https:\/\/www.almasyf.cz\/ar\/wp-content\/uploads\/sites\/3\/2024\/03\/Mercedes-Benz-S-Class.png","contentUrl":"https:\/\/www.almasyf.cz\/ar\/wp-content\/uploads\/sites\/3\/2024\/03\/Mercedes-Benz-S-Class.png","width":1812,"height":640},{"@type":"BreadcrumbList","@id":"https:\/\/www.almasyf.cz\/ar\/mercedes-benz-s-class-long\/#breadcrumb","itemListElement":[{"@type":"ListItem","position":1,"name":"Dom\u016f","item":"https:\/\/www.almasyf.cz\/ar\/"},{"@type":"ListItem","position":2,"name":"\u0645\u0631\u0633\u064a\u062f\u0633-\u0628\u0646\u0632 \u0627\u0644\u0641\u0626\u0629 \u0627\u0644\u0637\u0648\u064a\u0644\u0629S\u00a0 \u00a0"}]},{"@type":"WebSite","@id":"https:\/\/www.almasyf.cz\/ar\/#website","url":"https:\/\/www.almasyf.cz\/ar\/","name":"Almasyf.cz | AR","description":"","potentialAction":[{"@type":"SearchAction","target":{"@type":"EntryPoint","urlTemplate":"https:\/\/www.almasyf.cz\/ar\/?s={search_term_string}"},"query-input":{"@type":"PropertyValueSpecification","valueRequired":true,"valueName":"search_term_string"}}],"inLanguage":"cs"},{"@type":"Person","@id":"https:\/\/www.almasyf.cz\/ar\/#\/schema\/person\/b3e01d005595ab962d13f1083d4fcec6","name":"Martin Jir\u00e1sek","image":{"@type":"ImageObject","inLanguage":"cs","@id":"https:\/\/www.almasyf.cz\/ar\/#\/schema\/person\/image\/","url":"https:\/\/secure.gravatar.com\/avatar\/e8e1b79b79a69f4b83206c6647a31ed6?s=96&d=mm&r=g","contentUrl":"https:\/\/secure.gravatar.com\/avatar\/e8e1b79b79a69f4b83206c6647a31ed6?s=96&d=mm&r=g","caption":"Martin Jir\u00e1sek"},"url":"https:\/\/www.almasyf.cz\/ar\/author\/mdworks\/"}]}},"_links":{"self":[{"href":"https:\/\/www.almasyf.cz\/ar\/wp-json\/wp\/v2\/posts\/73","targetHints":{"allow":["GET"]}}],"collection":[{"href":"https:\/\/www.almasyf.cz\/ar\/wp-json\/wp\/v2\/posts"}],"about":[{"href":"https:\/\/www.almasyf.cz\/ar\/wp-json\/wp\/v2\/types\/post"}],"author":[{"embeddable":true,"href":"https:\/\/www.almasyf.cz\/ar\/wp-json\/wp\/v2\/users\/2"}],"replies":[{"embeddable":true,"href":"https:\/\/www.almasyf.cz\/ar\/wp-json\/wp\/v2\/comments?post=73"}],"version-history":[{"count":10,"href":"https:\/\/www.almasyf.cz\/ar\/wp-json\/wp\/v2\/posts\/73\/revisions"}],"predecessor-version":[{"id":18400,"href":"https:\/\/www.almasyf.cz\/ar\/wp-json\/wp\/v2\/posts\/73\/revisions\/18400"}],"wp:featuredmedia":[{"embeddable":true,"href":"https:\/\/www.almasyf.cz\/ar\/wp-json\/wp\/v2\/media\/346"}],"wp:attachment":[{"href":"https:\/\/www.almasyf.cz\/ar\/wp-json\/wp\/v2\/media?parent=73"}],"wp:term":[{"taxonomy":"category","embeddable":true,"href":"https:\/\/www.almasyf.cz\/ar\/wp-json\/wp\/v2\/categories?post=73"},{"taxonomy":"post_tag","embeddable":true,"href":"https:\/\/www.almasyf.cz\/ar\/wp-json\/wp\/v2\/tags?post=73"}],"curies":[{"name":"wp","href":"https:\/\/api.w.org\/{rel}","templated":true}]}}