{"id":1261,"date":"2024-04-03T11:15:00","date_gmt":"2024-04-03T09:15:00","guid":{"rendered":"https:\/\/www.almasyf.cz\/cz\/?p=1261"},"modified":"2024-12-17T23:05:17","modified_gmt":"2024-12-17T22:05:17","slug":"mercedes-benz-sprinter-wheelchair","status":"publish","type":"post","link":"https:\/\/www.almasyf.cz\/cz\/mercedes-benz-sprinter-wheelchair\/","title":{"rendered":"Mercedes-Benz Sprinter Wheelchair"},"content":{"rendered":"\n<p><strong>Specifikace<\/strong>:<\/p>\n\n\n\n<p>Hydraulick\u00e1 plo\u0161ina pro n\u00e1stup osob na invalidn\u00edm voz\u00edku, bezpe\u010dnostn\u00ed p\u00e1sy pro uchycen\u00ed invalidn\u00edch voz\u00edk\u016f, sedadla na kolejnic\u00edch pro snadnou zm\u011bnu dispozice.<\/p>\n\n\n\n<ul class=\"wp-block-list\">\n<li>Bezpe\u010dnostn\u00ed syst\u00e9my<\/li>\n\n\n\n<li>Klimatizace CD a DVD<\/li>\n\n\n\n<li>P\u0159ehr\u00e1va\u010d<span style=\"font-size: medium\"><\/span><\/li>\n\n\n\n<li>Mikrofon<\/li>\n\n\n\n<li>Bezpe\u010dnostn\u00ed p\u00e1sy<\/li>\n<\/ul>\n\n\n\n<p><strong>P\u0159\u00edv\u011bs na zavazadla<\/strong>:<\/p>\n\n\n\n<p>Obsazen\u00ed: 18-24 zavazadel<\/p>\n\n\n\n<p><strong>Specifikace<\/strong>:<\/p>\n\n\n\n<p>Pro nadm\u011brn\u00e1 a speci\u00e1ln\u00ed zavazadla. Vlek, kter\u00fd jde p\u0159ipojit k minibusu. V\u011bt\u0161inou se pou\u017e\u00edv\u00e1 jako dopln\u011bk, pokud n\u00e1kladov\u00fd prostor nesta\u010d\u00ed. Ide\u00e1ln\u00ed pro um\u00edst\u011bn\u00ed nadm\u011brn\u00fdch zavazadel.<\/p>\n\n\n\n<p>V p\u0159\u00edpad\u011b z\u00e1jmu o transfer \u010di pron\u00e1jem vozu se na n\u00e1s pros\u00edm obra\u0165te, r\u00e1di v\u00e1m p\u0159iprav\u00edme individu\u00e1ln\u00ed cenovou nab\u00eddku tohoto unik\u00e1tn\u00edho vozu.<\/p>\n","protected":false},"excerpt":{"rendered":"<p>Specifikace: Hydraulick\u00e1 plo\u0161ina pro n\u00e1stup osob na invalidn\u00edm voz\u00edku, bezpe\u010dnostn\u00ed p\u00e1sy pro uchycen\u00ed invalidn\u00edch voz\u00edk\u016f, sedadla na kolejnic\u00edch pro snadnou zm\u011bnu dispozice. P\u0159\u00edv\u011bs na zavazadla: Obsazen\u00ed: 18-24 zavazadel Specifikace: Pro nadm\u011brn\u00e1 a speci\u00e1ln\u00ed zavazadla. Vlek, kter\u00fd jde p\u0159ipojit k minibusu. V\u011bt\u0161inou se pou\u017e\u00edv\u00e1 jako dopln\u011bk, pokud n\u00e1kladov\u00fd prostor nesta\u010d\u00ed. Ide\u00e1ln\u00ed pro um\u00edst\u011bn\u00ed nadm\u011brn\u00fdch zavazadel. V [&hellip;]<\/p>\n","protected":false},"author":2,"featured_media":1290,"comment_status":"open","ping_status":"open","sticky":false,"template":"","format":"standard","meta":{"_acf_changed":false,"inline_featured_image":false,"footnotes":""},"categories":[2],"tags":[],"class_list":["post-1261","post","type-post","status-publish","format-standard","has-post-thumbnail","hentry","category-vozovy-park"],"acf":[],"yoast_head":"<!-- This site is optimized with the Yoast SEO plugin v26.0 - https:\/\/yoast.com\/wordpress\/plugins\/seo\/ -->\n<title>Mercedes-Benz Sprinter Wheelchair - Almasyf.cz | Limuz\u00edny Praha<\/title>\n<meta name=\"robots\" content=\"index, follow, max-snippet:-1, max-image-preview:large, max-video-preview:-1\" \/>\n<link rel=\"canonical\" href=\"https:\/\/www.almasyf.cz\/cz\/mercedes-benz-sprinter-wheelchair\/\" \/>\n<meta property=\"og:locale\" content=\"cs_CZ\" \/>\n<meta property=\"og:type\" content=\"article\" \/>\n<meta property=\"og:title\" content=\"Mercedes-Benz Sprinter Wheelchair - Almasyf.cz | Limuz\u00edny Praha\" \/>\n<meta property=\"og:description\" content=\"Specifikace: Hydraulick\u00e1 plo\u0161ina pro n\u00e1stup osob na invalidn\u00edm voz\u00edku, bezpe\u010dnostn\u00ed p\u00e1sy pro uchycen\u00ed invalidn\u00edch voz\u00edk\u016f, sedadla na kolejnic\u00edch pro snadnou zm\u011bnu dispozice. P\u0159\u00edv\u011bs na zavazadla: Obsazen\u00ed: 18-24 zavazadel Specifikace: Pro nadm\u011brn\u00e1 a speci\u00e1ln\u00ed zavazadla. Vlek, kter\u00fd jde p\u0159ipojit k minibusu. V\u011bt\u0161inou se pou\u017e\u00edv\u00e1 jako dopln\u011bk, pokud n\u00e1kladov\u00fd prostor nesta\u010d\u00ed. Ide\u00e1ln\u00ed pro um\u00edst\u011bn\u00ed nadm\u011brn\u00fdch zavazadel. V [&hellip;]\" \/>\n<meta property=\"og:url\" content=\"https:\/\/www.almasyf.cz\/cz\/mercedes-benz-sprinter-wheelchair\/\" \/>\n<meta property=\"og:site_name\" content=\"Almasyf.cz | Limuz\u00edny Praha\" \/>\n<meta property=\"article:published_time\" content=\"2024-04-03T09:15:00+00:00\" \/>\n<meta property=\"article:modified_time\" content=\"2024-12-17T22:05:17+00:00\" \/>\n<meta property=\"og:image\" content=\"http:\/\/www.almasyf.cz\/cz\/wp-content\/uploads\/sites\/2\/2024\/04\/Wheelchair.png\" \/>\n\t<meta property=\"og:image:width\" content=\"1812\" \/>\n\t<meta property=\"og:image:height\" content=\"640\" \/>\n\t<meta property=\"og:image:type\" content=\"image\/png\" \/>\n<meta name=\"author\" content=\"Martin Jir\u00e1sek\" \/>\n<meta name=\"twitter:card\" content=\"summary_large_image\" \/>\n<meta name=\"twitter:label1\" content=\"Napsal(a)\" \/>\n\t<meta name=\"twitter:data1\" content=\"Martin Jir\u00e1sek\" \/>\n\t<meta name=\"twitter:label2\" content=\"Odhadovan\u00e1 doba \u010dten\u00ed\" \/>\n\t<meta name=\"twitter:data2\" content=\"1 minuta\" \/>\n<script type=\"application\/ld+json\" class=\"yoast-schema-graph\">{\"@context\":\"https:\/\/schema.org\",\"@graph\":[{\"@type\":\"WebPage\",\"@id\":\"https:\/\/www.almasyf.cz\/cz\/mercedes-benz-sprinter-wheelchair\/\",\"url\":\"https:\/\/www.almasyf.cz\/cz\/mercedes-benz-sprinter-wheelchair\/\",\"name\":\"Mercedes-Benz Sprinter Wheelchair - Almasyf.cz | Limuz\u00edny Praha\",\"isPartOf\":{\"@id\":\"https:\/\/www.almasyf.cz\/cz\/#website\"},\"primaryImageOfPage\":{\"@id\":\"https:\/\/www.almasyf.cz\/cz\/mercedes-benz-sprinter-wheelchair\/#primaryimage\"},\"image\":{\"@id\":\"https:\/\/www.almasyf.cz\/cz\/mercedes-benz-sprinter-wheelchair\/#primaryimage\"},\"thumbnailUrl\":\"https:\/\/www.almasyf.cz\/cz\/wp-content\/uploads\/sites\/2\/2024\/04\/Wheelchair.png\",\"datePublished\":\"2024-04-03T09:15:00+00:00\",\"dateModified\":\"2024-12-17T22:05:17+00:00\",\"author\":{\"@id\":\"https:\/\/www.almasyf.cz\/cz\/#\/schema\/person\/b3e01d005595ab962d13f1083d4fcec6\"},\"breadcrumb\":{\"@id\":\"https:\/\/www.almasyf.cz\/cz\/mercedes-benz-sprinter-wheelchair\/#breadcrumb\"},\"inLanguage\":\"cs\",\"potentialAction\":[{\"@type\":\"ReadAction\",\"target\":[\"https:\/\/www.almasyf.cz\/cz\/mercedes-benz-sprinter-wheelchair\/\"]}]},{\"@type\":\"ImageObject\",\"inLanguage\":\"cs\",\"@id\":\"https:\/\/www.almasyf.cz\/cz\/mercedes-benz-sprinter-wheelchair\/#primaryimage\",\"url\":\"https:\/\/www.almasyf.cz\/cz\/wp-content\/uploads\/sites\/2\/2024\/04\/Wheelchair.png\",\"contentUrl\":\"https:\/\/www.almasyf.cz\/cz\/wp-content\/uploads\/sites\/2\/2024\/04\/Wheelchair.png\",\"width\":1812,\"height\":640},{\"@type\":\"BreadcrumbList\",\"@id\":\"https:\/\/www.almasyf.cz\/cz\/mercedes-benz-sprinter-wheelchair\/#breadcrumb\",\"itemListElement\":[{\"@type\":\"ListItem\",\"position\":1,\"name\":\"Dom\u016f\",\"item\":\"https:\/\/www.almasyf.cz\/cz\/\"},{\"@type\":\"ListItem\",\"position\":2,\"name\":\"Mercedes-Benz Sprinter Wheelchair\"}]},{\"@type\":\"WebSite\",\"@id\":\"https:\/\/www.almasyf.cz\/cz\/#website\",\"url\":\"https:\/\/www.almasyf.cz\/cz\/\",\"name\":\"almasyf.cz - CZ\",\"description\":\"\",\"potentialAction\":[{\"@type\":\"SearchAction\",\"target\":{\"@type\":\"EntryPoint\",\"urlTemplate\":\"https:\/\/www.almasyf.cz\/cz\/?s={search_term_string}\"},\"query-input\":{\"@type\":\"PropertyValueSpecification\",\"valueRequired\":true,\"valueName\":\"search_term_string\"}}],\"inLanguage\":\"cs\"},{\"@type\":\"Person\",\"@id\":\"https:\/\/www.almasyf.cz\/cz\/#\/schema\/person\/b3e01d005595ab962d13f1083d4fcec6\",\"name\":\"Martin Jir\u00e1sek\",\"image\":{\"@type\":\"ImageObject\",\"inLanguage\":\"cs\",\"@id\":\"https:\/\/www.almasyf.cz\/cz\/#\/schema\/person\/image\/\",\"url\":\"https:\/\/secure.gravatar.com\/avatar\/e8e1b79b79a69f4b83206c6647a31ed6?s=96&d=mm&r=g\",\"contentUrl\":\"https:\/\/secure.gravatar.com\/avatar\/e8e1b79b79a69f4b83206c6647a31ed6?s=96&d=mm&r=g\",\"caption\":\"Martin Jir\u00e1sek\"},\"url\":\"https:\/\/www.almasyf.cz\/cz\/author\/mdworks\/\"}]}<\/script>\n<!-- \/ Yoast SEO plugin. -->","yoast_head_json":{"title":"Mercedes-Benz Sprinter Wheelchair - Almasyf.cz | Limuz\u00edny Praha","robots":{"index":"index","follow":"follow","max-snippet":"max-snippet:-1","max-image-preview":"max-image-preview:large","max-video-preview":"max-video-preview:-1"},"canonical":"https:\/\/www.almasyf.cz\/cz\/mercedes-benz-sprinter-wheelchair\/","og_locale":"cs_CZ","og_type":"article","og_title":"Mercedes-Benz Sprinter Wheelchair - Almasyf.cz | Limuz\u00edny Praha","og_description":"Specifikace: Hydraulick\u00e1 plo\u0161ina pro n\u00e1stup osob na invalidn\u00edm voz\u00edku, bezpe\u010dnostn\u00ed p\u00e1sy pro uchycen\u00ed invalidn\u00edch voz\u00edk\u016f, sedadla na kolejnic\u00edch pro snadnou zm\u011bnu dispozice. P\u0159\u00edv\u011bs na zavazadla: Obsazen\u00ed: 18-24 zavazadel Specifikace: Pro nadm\u011brn\u00e1 a speci\u00e1ln\u00ed zavazadla. Vlek, kter\u00fd jde p\u0159ipojit k minibusu. V\u011bt\u0161inou se pou\u017e\u00edv\u00e1 jako dopln\u011bk, pokud n\u00e1kladov\u00fd prostor nesta\u010d\u00ed. Ide\u00e1ln\u00ed pro um\u00edst\u011bn\u00ed nadm\u011brn\u00fdch zavazadel. V [&hellip;]","og_url":"https:\/\/www.almasyf.cz\/cz\/mercedes-benz-sprinter-wheelchair\/","og_site_name":"Almasyf.cz | Limuz\u00edny Praha","article_published_time":"2024-04-03T09:15:00+00:00","article_modified_time":"2024-12-17T22:05:17+00:00","og_image":[{"width":1812,"height":640,"url":"http:\/\/www.almasyf.cz\/cz\/wp-content\/uploads\/sites\/2\/2024\/04\/Wheelchair.png","type":"image\/png"}],"author":"Martin Jir\u00e1sek","twitter_card":"summary_large_image","twitter_misc":{"Napsal(a)":"Martin Jir\u00e1sek","Odhadovan\u00e1 doba \u010dten\u00ed":"1 minuta"},"schema":{"@context":"https:\/\/schema.org","@graph":[{"@type":"WebPage","@id":"https:\/\/www.almasyf.cz\/cz\/mercedes-benz-sprinter-wheelchair\/","url":"https:\/\/www.almasyf.cz\/cz\/mercedes-benz-sprinter-wheelchair\/","name":"Mercedes-Benz Sprinter Wheelchair - Almasyf.cz | Limuz\u00edny Praha","isPartOf":{"@id":"https:\/\/www.almasyf.cz\/cz\/#website"},"primaryImageOfPage":{"@id":"https:\/\/www.almasyf.cz\/cz\/mercedes-benz-sprinter-wheelchair\/#primaryimage"},"image":{"@id":"https:\/\/www.almasyf.cz\/cz\/mercedes-benz-sprinter-wheelchair\/#primaryimage"},"thumbnailUrl":"https:\/\/www.almasyf.cz\/cz\/wp-content\/uploads\/sites\/2\/2024\/04\/Wheelchair.png","datePublished":"2024-04-03T09:15:00+00:00","dateModified":"2024-12-17T22:05:17+00:00","author":{"@id":"https:\/\/www.almasyf.cz\/cz\/#\/schema\/person\/b3e01d005595ab962d13f1083d4fcec6"},"breadcrumb":{"@id":"https:\/\/www.almasyf.cz\/cz\/mercedes-benz-sprinter-wheelchair\/#breadcrumb"},"inLanguage":"cs","potentialAction":[{"@type":"ReadAction","target":["https:\/\/www.almasyf.cz\/cz\/mercedes-benz-sprinter-wheelchair\/"]}]},{"@type":"ImageObject","inLanguage":"cs","@id":"https:\/\/www.almasyf.cz\/cz\/mercedes-benz-sprinter-wheelchair\/#primaryimage","url":"https:\/\/www.almasyf.cz\/cz\/wp-content\/uploads\/sites\/2\/2024\/04\/Wheelchair.png","contentUrl":"https:\/\/www.almasyf.cz\/cz\/wp-content\/uploads\/sites\/2\/2024\/04\/Wheelchair.png","width":1812,"height":640},{"@type":"BreadcrumbList","@id":"https:\/\/www.almasyf.cz\/cz\/mercedes-benz-sprinter-wheelchair\/#breadcrumb","itemListElement":[{"@type":"ListItem","position":1,"name":"Dom\u016f","item":"https:\/\/www.almasyf.cz\/cz\/"},{"@type":"ListItem","position":2,"name":"Mercedes-Benz Sprinter Wheelchair"}]},{"@type":"WebSite","@id":"https:\/\/www.almasyf.cz\/cz\/#website","url":"https:\/\/www.almasyf.cz\/cz\/","name":"almasyf.cz - CZ","description":"","potentialAction":[{"@type":"SearchAction","target":{"@type":"EntryPoint","urlTemplate":"https:\/\/www.almasyf.cz\/cz\/?s={search_term_string}"},"query-input":{"@type":"PropertyValueSpecification","valueRequired":true,"valueName":"search_term_string"}}],"inLanguage":"cs"},{"@type":"Person","@id":"https:\/\/www.almasyf.cz\/cz\/#\/schema\/person\/b3e01d005595ab962d13f1083d4fcec6","name":"Martin Jir\u00e1sek","image":{"@type":"ImageObject","inLanguage":"cs","@id":"https:\/\/www.almasyf.cz\/cz\/#\/schema\/person\/image\/","url":"https:\/\/secure.gravatar.com\/avatar\/e8e1b79b79a69f4b83206c6647a31ed6?s=96&d=mm&r=g","contentUrl":"https:\/\/secure.gravatar.com\/avatar\/e8e1b79b79a69f4b83206c6647a31ed6?s=96&d=mm&r=g","caption":"Martin Jir\u00e1sek"},"url":"https:\/\/www.almasyf.cz\/cz\/author\/mdworks\/"}]}},"_links":{"self":[{"href":"https:\/\/www.almasyf.cz\/cz\/wp-json\/wp\/v2\/posts\/1261","targetHints":{"allow":["GET"]}}],"collection":[{"href":"https:\/\/www.almasyf.cz\/cz\/wp-json\/wp\/v2\/posts"}],"about":[{"href":"https:\/\/www.almasyf.cz\/cz\/wp-json\/wp\/v2\/types\/post"}],"author":[{"embeddable":true,"href":"https:\/\/www.almasyf.cz\/cz\/wp-json\/wp\/v2\/users\/2"}],"replies":[{"embeddable":true,"href":"https:\/\/www.almasyf.cz\/cz\/wp-json\/wp\/v2\/comments?post=1261"}],"version-history":[{"count":6,"href":"https:\/\/www.almasyf.cz\/cz\/wp-json\/wp\/v2\/posts\/1261\/revisions"}],"predecessor-version":[{"id":1332,"href":"https:\/\/www.almasyf.cz\/cz\/wp-json\/wp\/v2\/posts\/1261\/revisions\/1332"}],"wp:featuredmedia":[{"embeddable":true,"href":"https:\/\/www.almasyf.cz\/cz\/wp-json\/wp\/v2\/media\/1290"}],"wp:attachment":[{"href":"https:\/\/www.almasyf.cz\/cz\/wp-json\/wp\/v2\/media?parent=1261"}],"wp:term":[{"taxonomy":"category","embeddable":true,"href":"https:\/\/www.almasyf.cz\/cz\/wp-json\/wp\/v2\/categories?post=1261"},{"taxonomy":"post_tag","embeddable":true,"href":"https:\/\/www.almasyf.cz\/cz\/wp-json\/wp\/v2\/tags?post=1261"}],"curies":[{"name":"wp","href":"https:\/\/api.w.org\/{rel}","templated":true}]}}