{"id":1704,"date":"2024-04-03T11:19:00","date_gmt":"2024-04-03T09:19:00","guid":{"rendered":"https:\/\/www.almasyf.cz\/cz\/?p=1704"},"modified":"2026-03-24T08:45:15","modified_gmt":"2026-03-24T07:45:15","slug":"mercedes-benz-sprinter-8-pax","status":"publish","type":"post","link":"https:\/\/www.almasyf.cz\/cz\/mercedes-benz-sprinter-8-pax\/","title":{"rendered":"Mercedes-Benz Sprinter First class"},"content":{"rendered":"\n<p><strong>V\u00fdb\u011br specifik vozu:<\/strong><\/p>\n\n\n\n<ul class=\"wp-block-list\">\n<li>Polohovateln\u00e9 seda\u010dky<\/li>\n\n\n\n<li>Vnit\u0159n\u00ed oblo\u017een\u00ed v\u00a0luxusn\u00edm proveden\u00ed<\/li>\n\n\n\n<li>Vysoce v\u00fdkonn\u00e1 st\u0159e\u0161n\u00ed klimatizace<\/li>\n\n\n\n<li>Elektrick\u00e9 ovl\u00e1d\u00e1n\u00ed posuvn\u00fdch dve\u0159\u00ed<\/li>\n\n\n\n<li>Dr\u017e\u00e1ky n\u00e1poj\u016f pro cestuj\u00edc\u00ed<\/li>\n\n\n\n<li>Business stolek<\/li>\n\n\n\n<li>Bezpe\u010dnostn\u00ed syst\u00e9my<\/li>\n\n\n\n<li>CD a DVD p\u0159ehr\u00e1va\u010d<\/li>\n\n\n\n<li>2 Lednice<\/li>\n\n\n\n<li>P\u0159ipojen\u00ed hudebn\u00edch p\u0159ehr\u00e1va\u010d\u016f IPhone\/IPod\/MP3<\/li>\n\n\n\n<li>K\u00e1vovar Nespresso<\/li>\n\n\n\n<li>1 LCD TV<\/li>\n\n\n\n<li>Bar<\/li>\n\n\n\n<li>Velk\u00fd prostor pro zavazadla \u2013 a\u017e pro 16 kufr\u016f<\/li>\n<\/ul>\n","protected":false},"excerpt":{"rendered":"<p>V\u00fdb\u011br specifik vozu:<\/p>\n","protected":false},"author":2,"featured_media":1301,"comment_status":"open","ping_status":"open","sticky":false,"template":"","format":"standard","meta":{"_acf_changed":false,"inline_featured_image":false,"footnotes":""},"categories":[2],"tags":[],"class_list":["post-1704","post","type-post","status-publish","format-standard","has-post-thumbnail","hentry","category-vozovy-park"],"acf":[],"yoast_head":"<!-- This site is optimized with the Yoast SEO plugin v26.0 - https:\/\/yoast.com\/wordpress\/plugins\/seo\/ -->\n<title>Mercedes-Benz Sprinter First class - Almasyf.cz | Limuz\u00edny Praha<\/title>\n<meta name=\"robots\" content=\"index, follow, max-snippet:-1, max-image-preview:large, max-video-preview:-1\" \/>\n<link rel=\"canonical\" href=\"https:\/\/www.almasyf.cz\/cz\/mercedes-benz-sprinter-8-pax\/\" \/>\n<meta property=\"og:locale\" content=\"cs_CZ\" \/>\n<meta property=\"og:type\" content=\"article\" \/>\n<meta property=\"og:title\" content=\"Mercedes-Benz Sprinter First class - Almasyf.cz | Limuz\u00edny Praha\" \/>\n<meta property=\"og:description\" content=\"V\u00fdb\u011br specifik vozu:\" \/>\n<meta property=\"og:url\" content=\"https:\/\/www.almasyf.cz\/cz\/mercedes-benz-sprinter-8-pax\/\" \/>\n<meta property=\"og:site_name\" content=\"Almasyf.cz | Limuz\u00edny Praha\" \/>\n<meta property=\"article:published_time\" content=\"2024-04-03T09:19:00+00:00\" \/>\n<meta property=\"article:modified_time\" content=\"2026-03-24T07:45:15+00:00\" \/>\n<meta property=\"og:image\" content=\"http:\/\/www.almasyf.cz\/cz\/wp-content\/uploads\/sites\/2\/2024\/04\/VIP.png\" \/>\n\t<meta property=\"og:image:width\" content=\"1812\" \/>\n\t<meta property=\"og:image:height\" content=\"640\" \/>\n\t<meta property=\"og:image:type\" content=\"image\/png\" \/>\n<meta name=\"author\" content=\"Martin Jir\u00e1sek\" \/>\n<meta name=\"twitter:card\" content=\"summary_large_image\" \/>\n<meta name=\"twitter:label1\" content=\"Napsal(a)\" \/>\n\t<meta name=\"twitter:data1\" content=\"Martin Jir\u00e1sek\" \/>\n\t<meta name=\"twitter:label2\" content=\"Odhadovan\u00e1 doba \u010dten\u00ed\" \/>\n\t<meta name=\"twitter:data2\" content=\"1 minuta\" \/>\n<script type=\"application\/ld+json\" class=\"yoast-schema-graph\">{\"@context\":\"https:\/\/schema.org\",\"@graph\":[{\"@type\":\"WebPage\",\"@id\":\"https:\/\/www.almasyf.cz\/cz\/mercedes-benz-sprinter-8-pax\/\",\"url\":\"https:\/\/www.almasyf.cz\/cz\/mercedes-benz-sprinter-8-pax\/\",\"name\":\"Mercedes-Benz Sprinter First class - Almasyf.cz | Limuz\u00edny Praha\",\"isPartOf\":{\"@id\":\"https:\/\/www.almasyf.cz\/cz\/#website\"},\"primaryImageOfPage\":{\"@id\":\"https:\/\/www.almasyf.cz\/cz\/mercedes-benz-sprinter-8-pax\/#primaryimage\"},\"image\":{\"@id\":\"https:\/\/www.almasyf.cz\/cz\/mercedes-benz-sprinter-8-pax\/#primaryimage\"},\"thumbnailUrl\":\"https:\/\/www.almasyf.cz\/cz\/wp-content\/uploads\/sites\/2\/2024\/04\/VIP.png\",\"datePublished\":\"2024-04-03T09:19:00+00:00\",\"dateModified\":\"2026-03-24T07:45:15+00:00\",\"author\":{\"@id\":\"https:\/\/www.almasyf.cz\/cz\/#\/schema\/person\/b3e01d005595ab962d13f1083d4fcec6\"},\"breadcrumb\":{\"@id\":\"https:\/\/www.almasyf.cz\/cz\/mercedes-benz-sprinter-8-pax\/#breadcrumb\"},\"inLanguage\":\"cs\",\"potentialAction\":[{\"@type\":\"ReadAction\",\"target\":[\"https:\/\/www.almasyf.cz\/cz\/mercedes-benz-sprinter-8-pax\/\"]}]},{\"@type\":\"ImageObject\",\"inLanguage\":\"cs\",\"@id\":\"https:\/\/www.almasyf.cz\/cz\/mercedes-benz-sprinter-8-pax\/#primaryimage\",\"url\":\"https:\/\/www.almasyf.cz\/cz\/wp-content\/uploads\/sites\/2\/2024\/04\/VIP.png\",\"contentUrl\":\"https:\/\/www.almasyf.cz\/cz\/wp-content\/uploads\/sites\/2\/2024\/04\/VIP.png\",\"width\":1812,\"height\":640},{\"@type\":\"BreadcrumbList\",\"@id\":\"https:\/\/www.almasyf.cz\/cz\/mercedes-benz-sprinter-8-pax\/#breadcrumb\",\"itemListElement\":[{\"@type\":\"ListItem\",\"position\":1,\"name\":\"Dom\u016f\",\"item\":\"https:\/\/www.almasyf.cz\/cz\/\"},{\"@type\":\"ListItem\",\"position\":2,\"name\":\"Mercedes-Benz Sprinter First class\"}]},{\"@type\":\"WebSite\",\"@id\":\"https:\/\/www.almasyf.cz\/cz\/#website\",\"url\":\"https:\/\/www.almasyf.cz\/cz\/\",\"name\":\"almasyf.cz - CZ\",\"description\":\"\",\"potentialAction\":[{\"@type\":\"SearchAction\",\"target\":{\"@type\":\"EntryPoint\",\"urlTemplate\":\"https:\/\/www.almasyf.cz\/cz\/?s={search_term_string}\"},\"query-input\":{\"@type\":\"PropertyValueSpecification\",\"valueRequired\":true,\"valueName\":\"search_term_string\"}}],\"inLanguage\":\"cs\"},{\"@type\":\"Person\",\"@id\":\"https:\/\/www.almasyf.cz\/cz\/#\/schema\/person\/b3e01d005595ab962d13f1083d4fcec6\",\"name\":\"Martin Jir\u00e1sek\",\"image\":{\"@type\":\"ImageObject\",\"inLanguage\":\"cs\",\"@id\":\"https:\/\/www.almasyf.cz\/cz\/#\/schema\/person\/image\/\",\"url\":\"https:\/\/secure.gravatar.com\/avatar\/e8e1b79b79a69f4b83206c6647a31ed6?s=96&d=mm&r=g\",\"contentUrl\":\"https:\/\/secure.gravatar.com\/avatar\/e8e1b79b79a69f4b83206c6647a31ed6?s=96&d=mm&r=g\",\"caption\":\"Martin Jir\u00e1sek\"},\"url\":\"https:\/\/www.almasyf.cz\/cz\/author\/mdworks\/\"}]}<\/script>\n<!-- \/ Yoast SEO plugin. -->","yoast_head_json":{"title":"Mercedes-Benz Sprinter First class - Almasyf.cz | Limuz\u00edny Praha","robots":{"index":"index","follow":"follow","max-snippet":"max-snippet:-1","max-image-preview":"max-image-preview:large","max-video-preview":"max-video-preview:-1"},"canonical":"https:\/\/www.almasyf.cz\/cz\/mercedes-benz-sprinter-8-pax\/","og_locale":"cs_CZ","og_type":"article","og_title":"Mercedes-Benz Sprinter First class - Almasyf.cz | Limuz\u00edny Praha","og_description":"V\u00fdb\u011br specifik vozu:","og_url":"https:\/\/www.almasyf.cz\/cz\/mercedes-benz-sprinter-8-pax\/","og_site_name":"Almasyf.cz | Limuz\u00edny Praha","article_published_time":"2024-04-03T09:19:00+00:00","article_modified_time":"2026-03-24T07:45:15+00:00","og_image":[{"width":1812,"height":640,"url":"http:\/\/www.almasyf.cz\/cz\/wp-content\/uploads\/sites\/2\/2024\/04\/VIP.png","type":"image\/png"}],"author":"Martin Jir\u00e1sek","twitter_card":"summary_large_image","twitter_misc":{"Napsal(a)":"Martin Jir\u00e1sek","Odhadovan\u00e1 doba \u010dten\u00ed":"1 minuta"},"schema":{"@context":"https:\/\/schema.org","@graph":[{"@type":"WebPage","@id":"https:\/\/www.almasyf.cz\/cz\/mercedes-benz-sprinter-8-pax\/","url":"https:\/\/www.almasyf.cz\/cz\/mercedes-benz-sprinter-8-pax\/","name":"Mercedes-Benz Sprinter First class - Almasyf.cz | Limuz\u00edny Praha","isPartOf":{"@id":"https:\/\/www.almasyf.cz\/cz\/#website"},"primaryImageOfPage":{"@id":"https:\/\/www.almasyf.cz\/cz\/mercedes-benz-sprinter-8-pax\/#primaryimage"},"image":{"@id":"https:\/\/www.almasyf.cz\/cz\/mercedes-benz-sprinter-8-pax\/#primaryimage"},"thumbnailUrl":"https:\/\/www.almasyf.cz\/cz\/wp-content\/uploads\/sites\/2\/2024\/04\/VIP.png","datePublished":"2024-04-03T09:19:00+00:00","dateModified":"2026-03-24T07:45:15+00:00","author":{"@id":"https:\/\/www.almasyf.cz\/cz\/#\/schema\/person\/b3e01d005595ab962d13f1083d4fcec6"},"breadcrumb":{"@id":"https:\/\/www.almasyf.cz\/cz\/mercedes-benz-sprinter-8-pax\/#breadcrumb"},"inLanguage":"cs","potentialAction":[{"@type":"ReadAction","target":["https:\/\/www.almasyf.cz\/cz\/mercedes-benz-sprinter-8-pax\/"]}]},{"@type":"ImageObject","inLanguage":"cs","@id":"https:\/\/www.almasyf.cz\/cz\/mercedes-benz-sprinter-8-pax\/#primaryimage","url":"https:\/\/www.almasyf.cz\/cz\/wp-content\/uploads\/sites\/2\/2024\/04\/VIP.png","contentUrl":"https:\/\/www.almasyf.cz\/cz\/wp-content\/uploads\/sites\/2\/2024\/04\/VIP.png","width":1812,"height":640},{"@type":"BreadcrumbList","@id":"https:\/\/www.almasyf.cz\/cz\/mercedes-benz-sprinter-8-pax\/#breadcrumb","itemListElement":[{"@type":"ListItem","position":1,"name":"Dom\u016f","item":"https:\/\/www.almasyf.cz\/cz\/"},{"@type":"ListItem","position":2,"name":"Mercedes-Benz Sprinter First class"}]},{"@type":"WebSite","@id":"https:\/\/www.almasyf.cz\/cz\/#website","url":"https:\/\/www.almasyf.cz\/cz\/","name":"almasyf.cz - CZ","description":"","potentialAction":[{"@type":"SearchAction","target":{"@type":"EntryPoint","urlTemplate":"https:\/\/www.almasyf.cz\/cz\/?s={search_term_string}"},"query-input":{"@type":"PropertyValueSpecification","valueRequired":true,"valueName":"search_term_string"}}],"inLanguage":"cs"},{"@type":"Person","@id":"https:\/\/www.almasyf.cz\/cz\/#\/schema\/person\/b3e01d005595ab962d13f1083d4fcec6","name":"Martin Jir\u00e1sek","image":{"@type":"ImageObject","inLanguage":"cs","@id":"https:\/\/www.almasyf.cz\/cz\/#\/schema\/person\/image\/","url":"https:\/\/secure.gravatar.com\/avatar\/e8e1b79b79a69f4b83206c6647a31ed6?s=96&d=mm&r=g","contentUrl":"https:\/\/secure.gravatar.com\/avatar\/e8e1b79b79a69f4b83206c6647a31ed6?s=96&d=mm&r=g","caption":"Martin Jir\u00e1sek"},"url":"https:\/\/www.almasyf.cz\/cz\/author\/mdworks\/"}]}},"_links":{"self":[{"href":"https:\/\/www.almasyf.cz\/cz\/wp-json\/wp\/v2\/posts\/1704","targetHints":{"allow":["GET"]}}],"collection":[{"href":"https:\/\/www.almasyf.cz\/cz\/wp-json\/wp\/v2\/posts"}],"about":[{"href":"https:\/\/www.almasyf.cz\/cz\/wp-json\/wp\/v2\/types\/post"}],"author":[{"embeddable":true,"href":"https:\/\/www.almasyf.cz\/cz\/wp-json\/wp\/v2\/users\/2"}],"replies":[{"embeddable":true,"href":"https:\/\/www.almasyf.cz\/cz\/wp-json\/wp\/v2\/comments?post=1704"}],"version-history":[{"count":20,"href":"https:\/\/www.almasyf.cz\/cz\/wp-json\/wp\/v2\/posts\/1704\/revisions"}],"predecessor-version":[{"id":2554,"href":"https:\/\/www.almasyf.cz\/cz\/wp-json\/wp\/v2\/posts\/1704\/revisions\/2554"}],"wp:featuredmedia":[{"embeddable":true,"href":"https:\/\/www.almasyf.cz\/cz\/wp-json\/wp\/v2\/media\/1301"}],"wp:attachment":[{"href":"https:\/\/www.almasyf.cz\/cz\/wp-json\/wp\/v2\/media?parent=1704"}],"wp:term":[{"taxonomy":"category","embeddable":true,"href":"https:\/\/www.almasyf.cz\/cz\/wp-json\/wp\/v2\/categories?post=1704"},{"taxonomy":"post_tag","embeddable":true,"href":"https:\/\/www.almasyf.cz\/cz\/wp-json\/wp\/v2\/tags?post=1704"}],"curies":[{"name":"wp","href":"https:\/\/api.w.org\/{rel}","templated":true}]}}